{"id":16206,"date":"2025-10-04T20:31:28","date_gmt":"2025-10-04T23:31:28","guid":{"rendered":"https:\/\/minutoextra.com.br\/?p=16206"},"modified":"2025-10-05T06:51:55","modified_gmt":"2025-10-05T09:51:55","slug":"brasil-perde-outra-vez-e-cai-no-mundial-sub-20-ainda-na-primeira-fase","status":"publish","type":"post","link":"https:\/\/minutoextra.com.br\/?p=16206","title":{"rendered":"Brasil perde outra vez e cai no Mundial sub-20 ainda na primeira fase"},"content":{"rendered":"<\/p>\n<p><a class=\"\" href=\"https:\/\/agenciabrasil.ebc.com.br\/esportes\/noticia\/2025-10\/brasil-perde-outra-vez-e-cai-no-mundial-sub-20-ainda-na-primeira-fase\"><br \/>\n                    <img decoding=\"async\" src=\"https:\/\/cdn.jsdelivr.net\/gh\/sergiosdlima\/assets-ebc@1.0.0\/abr\/assets\/images\/logo-agenciabrasil.svg\" alt=\"Logo Ag\u00eancia Brasil\"><br \/>\n\t\t\t\t<\/a><\/p>\n<p>A sele\u00e7\u00e3o brasileira masculina sub-20 deu adeus ao Campeonato Mundial da categoria, disputado no Chile, na primeira fase. Neste s\u00e1bado (4), a equipe comandada por Ramon Menezes foi superada pela Espanha, por 1 a 0, no Est\u00e1dio Nacional de Santiago. Com um empate e duas derrotas, o Brasil terminou o Grupo C de forma melanc\u00f3lica, na \u00faltima coloca\u00e7\u00e3o, com apenas um ponto.<img decoding=\"async\" src=\"https:\/\/agenciabrasil.ebc.com.br\/ebc.png?id=1661396&#038;o=rss\"><img decoding=\"async\" src=\"https:\/\/agenciabrasil.ebc.com.br\/ebc.gif?id=1661396&#038;o=rss\"><\/p>\n<p>Os espanh\u00f3is, com quatro pontos, aguardam a conclus\u00e3o da primeira fase para saberem se conseguem vaga entre os quatro melhores terceiros colocados. No outro jogo do Grupo C, o M\u00e9xico venceu Marrocos por 1 a 0 e assegurou a segunda posi\u00e7\u00e3o da chave, com cinco pontos. Os africanos, com seis, classificaram-se na lideran\u00e7a.<\/p>\n<\/p>\n<h3>Not\u00edcias relacionadas:<\/h3>\n<ul>\n<li><a href=\"https:\/\/agenciabrasil.ebc.com.br\/esportes\/noticia\/2025-10\/lateral-vitinho-e-convocado-para-defender-selecao-brasileira\">Lateral Vitinho \u00e9 convocado para defender a sele\u00e7\u00e3o brasileira.<\/a><\/li>\n<li><a href=\"https:\/\/agenciabrasil.ebc.com.br\/esportes\/noticia\/2025-10\/carlo-ancelotti-convoca-selecao-para-amistosos-contra-coreia-e-japao\">Carlo Ancelotti convoca sele\u00e7\u00e3o para amistosos contra Coreia e Jap\u00e3o.<\/a><\/li>\n<\/ul>\n<p>O gol que decretou a elimina\u00e7\u00e3o brasileira saiu aos dois minutos do segundo tempo, com o atacante Iker Bravo, da Udinese, da It\u00e1lia. O Brasil teve chances para balan\u00e7ar as redes. Na melhor delas, logo aos sete da etapa inicial, o atacante Wesley, ex-Corinthians e atualmente no Al Nassr, da Ar\u00e1bia Saudita, cruzou pela esquerda e o meia Jo\u00e3o Cruz, do Athletico-PR, mandou no travess\u00e3o. Depois do intervalo, o meia Rhuan Gabriel, do Cruzeiro, e o atacante Luighi, do Palmeiras, perderam as principais oportunidades.<\/p>\n<p>\u00c9 a primeira vez que o Brasil, pentacampe\u00e3o do torneio, cai na primeira fase de um Mundial sub-20, o que configura, de longe, a pior campanha do pa\u00eds na competi\u00e7\u00e3o, que ocorre desde 1977. O desempenho mais fr\u00e1gil at\u00e9 ent\u00e3o era uma elimina\u00e7\u00e3o nas oitavas de final da edi\u00e7\u00e3o de 2007, no Canad\u00e1 &#8211; coincidentemente, tamb\u00e9m com derrota para a Espanha. Aquela sele\u00e7\u00e3o brasileira tinha jogadores como o goleiro C\u00e1ssio, o lateral Marcelo, o zagueiro David Luiz, o meia Renato Augusto e o atacante Alexandre Pato.<\/p>\n<p>A atual gera\u00e7\u00e3o sub-20 do Brasil\u00a0tem nomes de grande expectativa no futebol europeu. O zagueiro Vitor Reis, por exemplo, \u00e9 o defensor brasileiro mais caro da hist\u00f3ria, negociado com o Manchester City, da Inglaterra, pelo Palmeiras por 37 milh\u00f5es de euros (R$ 232 milh\u00f5es, na cota\u00e7\u00e3o da \u00e9poca). O mesmo Verd\u00e3o formou, tamb\u00e9m, os atacantes Estev\u00e3o (Chelsea, da Inglaterra) e Endrick (Real Madrid, da Espanha), ambos com presen\u00e7as na sele\u00e7\u00e3o principal, inclusive como titulares.<\/p>\n<p>Como o Mundial, apesar de organizado pela Federa\u00e7\u00e3o Internacional de Futebol (Fifa), n\u00e3o ocorre no per\u00edodo destinado a jogos entre sele\u00e7\u00f5es (a &#8220;Data Fifa&#8221;), os clubes n\u00e3o t\u00eam obriga\u00e7\u00e3o de liberar os atletas para a competi\u00e7\u00e3o, o que costuma enfraquecer as sele\u00e7\u00f5es &#8211; n\u00e3o somente a brasileira. Um exemplo: o atacante Rayan, uma das grandes promessas da nova gera\u00e7\u00e3o, j\u00e1 \u00e9 titular do Vasco e o Cruzmaltino decidiu n\u00e3o ceder o garoto para a competi\u00e7\u00e3o.<\/p>\n<p>Na sele\u00e7\u00e3o convocada por Ramon para o Mundial, poucos atletas s\u00e3o titulares ou mesmo t\u00eam sido aproveitados nos clubes que defendem. Os atacantes Pedrinho, presente em 14 jogos do Zenit na atual temporada do Campeonato Russo; e Deivid Washington, que esteve em 20 partidas do Santos em 2025, emprestado pelo Chelsea, s\u00e3o exce\u00e7\u00f5es. Ambos foram reservas no Chile.<\/p>\n<p>A classifica\u00e7\u00e3o brasileira para o Mundial veio com o t\u00edtulo do Sul-Americano da categoria, em fevereiro. A campanha, por\u00e9m, foi marcada por uma goleada por 6 a 0 sofrida para a arquirrival Argentina, ainda na primeira fase. No ano passado, a sele\u00e7\u00e3o masculina &#8211; que n\u00e3o \u00e9 sub-20 e sim sub-23 &#8211; j\u00e1 havia sido eliminada no Pr\u00e9-Ol\u00edmpico e ficou fora dos Jogos de Paris, na Fran\u00e7a. Em 2023, na Copa do Mundo anterior, a queda foi nas quartas de final, para Israel.<\/p>\n","protected":false},"excerpt":{"rendered":"<p>A sele\u00e7\u00e3o brasileira masculina sub-20 deu adeus ao Campeonato Mundial da categoria, disputado no Chile, na primeira fase. Neste s\u00e1bado (4), a equipe comandada por Ramon Menezes foi superada pela Espanha, por 1 a 0, no Est\u00e1dio Nacional de Santiago. Com um empate e duas derrotas, o Brasil terminou o Grupo C de forma melanc\u00f3lica, [&hellip;]<\/p>\n","protected":false},"author":127,"featured_media":16207,"comment_status":"open","ping_status":"open","sticky":false,"template":"","format":"standard","meta":{"site-sidebar-layout":"default","site-content-layout":"","ast-site-content-layout":"","site-content-style":"default","site-sidebar-style":"default","ast-global-header-display":"","ast-banner-title-visibility":"","ast-main-header-display":"","ast-hfb-above-header-display":"","ast-hfb-below-header-display":"","ast-hfb-mobile-header-display":"","site-post-title":"","ast-breadcrumbs-content":"","ast-featured-img":"","footer-sml-layout":"","theme-transparent-header-meta":"","adv-header-id-meta":"","stick-header-meta":"","header-above-stick-meta":"","header-main-stick-meta":"","header-below-stick-meta":"","astra-migrate-meta-layouts":"default","ast-page-background-enabled":"default","ast-page-background-meta":{"desktop":{"background-color":"var(--ast-global-color-4)","background-image":"","background-repeat":"repeat","background-position":"center center","background-size":"auto","background-attachment":"scroll","background-type":"","background-media":"","overlay-type":"","overlay-color":"","overlay-opacity":"","overlay-gradient":""},"tablet":{"background-color":"","background-image":"","background-repeat":"repeat","background-position":"center center","background-size":"auto","background-attachment":"scroll","background-type":"","background-media":"","overlay-type":"","overlay-color":"","overlay-opacity":"","overlay-gradient":""},"mobile":{"background-color":"","background-image":"","background-repeat":"repeat","background-position":"center center","background-size":"auto","background-attachment":"scroll","background-type":"","background-media":"","overlay-type":"","overlay-color":"","overlay-opacity":"","overlay-gradient":""}},"ast-content-background-meta":{"desktop":{"background-color":"var(--ast-global-color-5)","background-image":"","background-repeat":"repeat","background-position":"center center","background-size":"auto","background-attachment":"scroll","background-type":"","background-media":"","overlay-type":"","overlay-color":"","overlay-opacity":"","overlay-gradient":""},"tablet":{"background-color":"var(--ast-global-color-5)","background-image":"","background-repeat":"repeat","background-position":"center center","background-size":"auto","background-attachment":"scroll","background-type":"","background-media":"","overlay-type":"","overlay-color":"","overlay-opacity":"","overlay-gradient":""},"mobile":{"background-color":"var(--ast-global-color-5)","background-image":"","background-repeat":"repeat","background-position":"center center","background-size":"auto","background-attachment":"scroll","background-type":"","background-media":"","overlay-type":"","overlay-color":"","overlay-opacity":"","overlay-gradient":""}},"footnotes":""},"categories":[45],"tags":[122],"class_list":["post-16206","post","type-post","status-publish","format-standard","has-post-thumbnail","hentry","category-esportes","tag-manchetes"],"_links":{"self":[{"href":"https:\/\/minutoextra.com.br\/index.php?rest_route=\/wp\/v2\/posts\/16206","targetHints":{"allow":["GET"]}}],"collection":[{"href":"https:\/\/minutoextra.com.br\/index.php?rest_route=\/wp\/v2\/posts"}],"about":[{"href":"https:\/\/minutoextra.com.br\/index.php?rest_route=\/wp\/v2\/types\/post"}],"author":[{"embeddable":true,"href":"https:\/\/minutoextra.com.br\/index.php?rest_route=\/wp\/v2\/users\/127"}],"replies":[{"embeddable":true,"href":"https:\/\/minutoextra.com.br\/index.php?rest_route=%2Fwp%2Fv2%2Fcomments&post=16206"}],"version-history":[{"count":1,"href":"https:\/\/minutoextra.com.br\/index.php?rest_route=\/wp\/v2\/posts\/16206\/revisions"}],"predecessor-version":[{"id":16210,"href":"https:\/\/minutoextra.com.br\/index.php?rest_route=\/wp\/v2\/posts\/16206\/revisions\/16210"}],"wp:featuredmedia":[{"embeddable":true,"href":"https:\/\/minutoextra.com.br\/index.php?rest_route=\/wp\/v2\/media\/16207"}],"wp:attachment":[{"href":"https:\/\/minutoextra.com.br\/index.php?rest_route=%2Fwp%2Fv2%2Fmedia&parent=16206"}],"wp:term":[{"taxonomy":"category","embeddable":true,"href":"https:\/\/minutoextra.com.br\/index.php?rest_route=%2Fwp%2Fv2%2Fcategories&post=16206"},{"taxonomy":"post_tag","embeddable":true,"href":"https:\/\/minutoextra.com.br\/index.php?rest_route=%2Fwp%2Fv2%2Ftags&post=16206"}],"curies":[{"name":"wp","href":"https:\/\/api.w.org\/{rel}","templated":true}]}}