{"id":27165,"date":"2026-04-25T18:38:28","date_gmt":"2026-04-25T21:38:28","guid":{"rendered":"https:\/\/minutoextra.com.br\/?p=27165"},"modified":"2026-04-25T18:38:28","modified_gmt":"2026-04-25T21:38:28","slug":"cientistas-criam-painel-para-orientar-transicao-energetica-global","status":"publish","type":"post","link":"https:\/\/minutoextra.com.br\/?p=27165","title":{"rendered":"Cientistas criam painel para orientar transi\u00e7\u00e3o energ\u00e9tica global"},"content":{"rendered":"<\/p>\n<p><a class=\"\" href=\"https:\/\/agenciabrasil.ebc.com.br\/meio-ambiente\/noticia\/2026-04\/cientistas-criam-painel-para-orientar-transicao-energetica-global\"><br \/>\n                    <img decoding=\"async\" src=\"https:\/\/cdn.jsdelivr.net\/gh\/sergiosdlima\/assets-ebc@1.0.0\/abr\/assets\/images\/logo-agenciabrasil.svg\" alt=\"Logo Ag\u00eancia Brasil\"><br \/>\n\t\t\t\t<\/a><\/p>\n<p>Um grupo de cientistas de diferentes \u00e1reas \u2013 como clima, economia e tecnologia \u2013 anunciou a cria\u00e7\u00e3o do Painel Cient\u00edfico para a Transi\u00e7\u00e3o Energ\u00e9tica Global (SPGET) neste s\u00e1bado (25), durante a Primeira Confer\u00eancia Internacional sobre a Transi\u00e7\u00e3o para Longe dos Combust\u00edveis F\u00f3sseis, realizada em Santa Marta, Col\u00f4mbia.<img decoding=\"async\" src=\"https:\/\/agenciabrasil.ebc.com.br\/ebc.png?id=1687251&#038;o=rss\"><img decoding=\"async\" src=\"https:\/\/agenciabrasil.ebc.com.br\/ebc.gif?id=1687251&#038;o=rss\"><\/p>\n<p><strong>O objetivo \u00e9 assessorar governos na transi\u00e7\u00e3o energ\u00e9tica global e produzir recomenda\u00e7\u00f5es baseadas em evid\u00eancias para orientar pol\u00edticas p\u00fablicas e a\u00e7\u00f5es concretas rumo \u00e0 descarboniza\u00e7\u00e3o.<\/strong><\/p>\n<\/p>\n<h3>Not\u00edcias relacionadas:<\/h3>\n<ul>\n<li><a href=\"https:\/\/agenciabrasil.ebc.com.br\/meio-ambiente\/noticia\/2026-04\/guerra-mostrou-que-transicao-energetica-tambem-e-questao-de-seguranca\">Guerra mostrou que transi\u00e7\u00e3o energ\u00e9tica tamb\u00e9m \u00e9 quest\u00e3o de seguran\u00e7a.<\/a><\/li>\n<li><a href=\"https:\/\/agenciabrasil.ebc.com.br\/meio-ambiente\/noticia\/2026-04\/tartarugas-cabecudas-reaparecem-na-baia-de-guanabara\">Tartarugas-cabe\u00e7udas reaparecem na  Ba\u00eda de Guanabara.<\/a><\/li>\n<li><a href=\"https:\/\/agenciabrasil.ebc.com.br\/meio-ambiente\/noticia\/2026-04\/biologa-do-inpa-vence-maior-premio-da-ciencia-brasileira\">Bi\u00f3loga do Inpa vence maior pr\u00eamio da ci\u00eancia brasileira.<\/a><\/li>\n<\/ul>\n<p>O an\u00fancio contou com a presen\u00e7a de nomes de destaque da ci\u00eancia internacional, como os brasileiros Carlos Nobre, refer\u00eancia em estudos sobre a Amaz\u00f4nia, e Gilberto Jannuzzi, da Universidade Estadual de Campinas (Unicamp), e o sueco Johan Rockstr\u00f6m, diretor do Instituto Potsdam para Pesquisa de Impacto Clim\u00e1tico.<\/p>\n<blockquote>\n<p>\u201cA transi\u00e7\u00e3o energ\u00e9tica \u00e9 complexa e envolve economia, meio ambiente e justi\u00e7a social. A ci\u00eancia pode atuar como ponte entre pa\u00edses que avan\u00e7am mais r\u00e1pido e aqueles que ainda est\u00e3o hesitantes. O painel \u00e9 uma forma de integrar todos gradualmente\u201d, disse Rockstr\u00f6m.<\/p>\n<\/blockquote>\n<p>Tamb\u00e9m esteve presente a ministra do Meio Ambiente da Col\u00f4mbia, Irene V\u00e9lez Torres, que defendeu a iniciativa por responder a uma lacuna hist\u00f3rica.<\/p>\n<blockquote>\n<p>\u201cEste painel n\u00e3o s\u00f3 repara uma d\u00edvida ao criar, pela primeira vez, um organismo dedicado \u00e0 supera\u00e7\u00e3o dos combust\u00edveis f\u00f3sseis, como tamb\u00e9m discute outros desafios sociais e econ\u00f4micos dessa transforma\u00e7\u00e3o\u201d, disse Irene.<\/p>\n<\/blockquote>\n<p>\u201c\u00c9 o primeiro concebido para reunir, ao longo dos pr\u00f3ximos cinco anos, as evid\u00eancias cient\u00edficas que permitir\u00e3o que cidades, regi\u00f5es, pa\u00edses e coaliz\u00f5es deem esse grande salto\u201d, completou.<\/p>\n<p><strong>O painel tamb\u00e9m pretende fortalecer a articula\u00e7\u00e3o entre academia e governos, e contribuir para a constru\u00e7\u00e3o de estrat\u00e9gias coordenadas de redu\u00e7\u00e3o das emiss\u00f5es de gases de efeito estufa. A proposta inclui a elabora\u00e7\u00e3o de recomenda\u00e7\u00f5es t\u00e9cnicas, acompanhamento de pol\u00edticas e integra\u00e7\u00e3o com processos internacionais, como a COP30, presidida pelo Brasil.<\/strong><\/p>\n<p>Segundo o coordenador do Observat\u00f3rio do Clima, Claudio Angelo, a ideia \u00e9 que a ci\u00eancia volte para o lugar de primazia como orientadora das decis\u00f5es pol\u00edticas que precisam ser tomadas sobre clima e meio ambiente.<\/p>\n<blockquote>\n<p>\u201cIsso parece \u00f3bvio, mas vem sendo um pouco esquecido no \u00e2mbito da Conven\u00e7\u00e3o do Clima. Antigamente, todos os grandes encontros para debater mudan\u00e7a clim\u00e1tica, como a Eco-92, come\u00e7aram sob a \u00e9gide de algum relat\u00f3rio do IPCC, o Painel Intergovernamental sobre Mudan\u00e7a Clim\u00e1tica\u201d, disse Claudio.<\/p>\n<\/blockquote>\n<p>\u201cIsso deixou de acontecer de uns anos para c\u00e1. A gente chegou ao c\u00famulo de em 2018, na COP24, um grande relat\u00f3rio do IPCC, que tinha sido inclusive encomendado pela Conven\u00e7\u00e3o do Clima, ter sido relegado a uma nota de rodap\u00e9 na decis\u00e3o da COP\u201d, completou.<\/p>\n<h2>Confer\u00eancia de Santa Marta<\/h2>\n<p>A Confer\u00eancia de Santa Marta re\u00fane 57 pa\u00edses, incluindo o Brasil, e cerca de 4.200 organiza\u00e7\u00f5es, abrangendo governos, setor privado, povos ind\u00edgenas, academia e sociedade civil. O objetivo \u00e9 avan\u00e7ar em medidas concretas para reduzir a depend\u00eancia de combust\u00edveis f\u00f3sseis, com foco em tr\u00eas eixos: transforma\u00e7\u00e3o econ\u00f4mica, mudan\u00e7a na oferta e demanda de energia e coopera\u00e7\u00e3o internacional.<\/p>\n<p>Nos primeiros dias do encontro, entre 24 e 27 de abril, ser\u00e3o consolidadas propostas que orientar\u00e3o a C\u00fapula de L\u00edderes nos dias 28 e 29. Entre os resultados esperados est\u00e3o mecanismos de coopera\u00e7\u00e3o entre pa\u00edses e um relat\u00f3rio com diretrizes para acelerar a transi\u00e7\u00e3o energ\u00e9tica.<\/p>\n<p>\u201cCom mais de 50% do PIB global representado nesta Confer\u00eancia, este grupo tem a capacidade coletiva de transformar essas cinco palavras em a\u00e7\u00f5es concretas\u201d, disse Van Veldhoven, ministra do Clima e do Crescimento Verde dos Pa\u00edses Baixos, que lidera a iniciativa ao lado da Col\u00f4mbia.<\/p>\n<blockquote>\n<p>\u201cCom a crescente volatilidade no mercado de combust\u00edveis f\u00f3sseis, n\u00e3o h\u00e1 melhor momento para iniciar a transi\u00e7\u00e3o para longe dos combust\u00edveis f\u00f3sseis, reduzindo o impacto clim\u00e1tico, refor\u00e7ando a independ\u00eancia energ\u00e9tica e impulsionando o crescimento econ\u00f4mico verde\u201d, completou.<\/p>\n<\/blockquote>\n<p>O ativista socioambiental sul-africano Kumi Naidoo entende que a confer\u00eancia representa uma oportunidade de estabelecer medidas concretas que a Confer\u00eancia das Partes (COP), c\u00fapula anual das Na\u00e7\u00f5es Unidas sobre mudan\u00e7as clim\u00e1ticas, n\u00e3o tem conseguido realizar.<\/p>\n<blockquote>\n<p>\u201cQueremos receber o que pedimos para a COP desde pelo menos 2009: um acordo fant\u00e1stico, que seja justo, ambicioso e vinculativo. Na maioria das vezes, recebemos acordos superficiais, cheios de brechas\u201d, disse Naidoo, que lidera a Iniciativa do Tratado de N\u00e3o Prolifera\u00e7\u00e3o de Combust\u00edveis F\u00f3sseis (Fossil Fuel Treaty).<\/p>\n<\/blockquote>\n<p>\u201cIndependentemente da qualidade do trabalho cient\u00edfico, precisamos garantir que o processo pol\u00edtico esteja em andamento. Outros mecanismos e caminhos juridicamente vinculativos, como o tratado sobre combust\u00edveis f\u00f3sseis, s\u00e3o cruciais\u201d, complementou.<\/p>\n<p>\u00a0<\/p>\n","protected":false},"excerpt":{"rendered":"<p>Um grupo de cientistas de diferentes \u00e1reas \u2013 como clima, economia e tecnologia \u2013 anunciou a cria\u00e7\u00e3o do Painel Cient\u00edfico para a Transi\u00e7\u00e3o Energ\u00e9tica Global (SPGET) neste s\u00e1bado (25), durante a Primeira Confer\u00eancia Internacional sobre a Transi\u00e7\u00e3o para Longe dos Combust\u00edveis F\u00f3sseis, realizada em Santa Marta, Col\u00f4mbia. O objetivo \u00e9 assessorar governos na transi\u00e7\u00e3o energ\u00e9tica [&hellip;]<\/p>\n","protected":false},"author":1,"featured_media":27166,"comment_status":"open","ping_status":"open","sticky":false,"template":"","format":"standard","meta":{"site-sidebar-layout":"default","site-content-layout":"","ast-site-content-layout":"","site-content-style":"default","site-sidebar-style":"default","ast-global-header-display":"","ast-banner-title-visibility":"","ast-main-header-display":"","ast-hfb-above-header-display":"","ast-hfb-below-header-display":"","ast-hfb-mobile-header-display":"","site-post-title":"","ast-breadcrumbs-content":"","ast-featured-img":"","footer-sml-layout":"","theme-transparent-header-meta":"","adv-header-id-meta":"","stick-header-meta":"","header-above-stick-meta":"","header-main-stick-meta":"","header-below-stick-meta":"","astra-migrate-meta-layouts":"default","ast-page-background-enabled":"default","ast-page-background-meta":{"desktop":{"background-color":"var(--ast-global-color-4)","background-image":"","background-repeat":"repeat","background-position":"center center","background-size":"auto","background-attachment":"scroll","background-type":"","background-media":"","overlay-type":"","overlay-color":"","overlay-opacity":"","overlay-gradient":""},"tablet":{"background-color":"","background-image":"","background-repeat":"repeat","background-position":"center center","background-size":"auto","background-attachment":"scroll","background-type":"","background-media":"","overlay-type":"","overlay-color":"","overlay-opacity":"","overlay-gradient":""},"mobile":{"background-color":"","background-image":"","background-repeat":"repeat","background-position":"center center","background-size":"auto","background-attachment":"scroll","background-type":"","background-media":"","overlay-type":"","overlay-color":"","overlay-opacity":"","overlay-gradient":""}},"ast-content-background-meta":{"desktop":{"background-color":"var(--ast-global-color-5)","background-image":"","background-repeat":"repeat","background-position":"center center","background-size":"auto","background-attachment":"scroll","background-type":"","background-media":"","overlay-type":"","overlay-color":"","overlay-opacity":"","overlay-gradient":""},"tablet":{"background-color":"var(--ast-global-color-5)","background-image":"","background-repeat":"repeat","background-position":"center center","background-size":"auto","background-attachment":"scroll","background-type":"","background-media":"","overlay-type":"","overlay-color":"","overlay-opacity":"","overlay-gradient":""},"mobile":{"background-color":"var(--ast-global-color-5)","background-image":"","background-repeat":"repeat","background-position":"center center","background-size":"auto","background-attachment":"scroll","background-type":"","background-media":"","overlay-type":"","overlay-color":"","overlay-opacity":"","overlay-gradient":""}},"footnotes":""},"categories":[17],"tags":[],"class_list":["post-27165","post","type-post","status-publish","format-standard","has-post-thumbnail","hentry","category-mundo"],"_links":{"self":[{"href":"https:\/\/minutoextra.com.br\/index.php?rest_route=\/wp\/v2\/posts\/27165","targetHints":{"allow":["GET"]}}],"collection":[{"href":"https:\/\/minutoextra.com.br\/index.php?rest_route=\/wp\/v2\/posts"}],"about":[{"href":"https:\/\/minutoextra.com.br\/index.php?rest_route=\/wp\/v2\/types\/post"}],"author":[{"embeddable":true,"href":"https:\/\/minutoextra.com.br\/index.php?rest_route=\/wp\/v2\/users\/1"}],"replies":[{"embeddable":true,"href":"https:\/\/minutoextra.com.br\/index.php?rest_route=%2Fwp%2Fv2%2Fcomments&post=27165"}],"version-history":[{"count":0,"href":"https:\/\/minutoextra.com.br\/index.php?rest_route=\/wp\/v2\/posts\/27165\/revisions"}],"wp:featuredmedia":[{"embeddable":true,"href":"https:\/\/minutoextra.com.br\/index.php?rest_route=\/wp\/v2\/media\/27166"}],"wp:attachment":[{"href":"https:\/\/minutoextra.com.br\/index.php?rest_route=%2Fwp%2Fv2%2Fmedia&parent=27165"}],"wp:term":[{"taxonomy":"category","embeddable":true,"href":"https:\/\/minutoextra.com.br\/index.php?rest_route=%2Fwp%2Fv2%2Fcategories&post=27165"},{"taxonomy":"post_tag","embeddable":true,"href":"https:\/\/minutoextra.com.br\/index.php?rest_route=%2Fwp%2Fv2%2Ftags&post=27165"}],"curies":[{"name":"wp","href":"https:\/\/api.w.org\/{rel}","templated":true}]}}