{"id":27317,"date":"2026-04-28T19:38:30","date_gmt":"2026-04-28T22:38:30","guid":{"rendered":"https:\/\/minutoextra.com.br\/?p=27317"},"modified":"2026-04-28T19:38:30","modified_gmt":"2026-04-28T22:38:30","slug":"familia-brasileira-morta-por-israel-buscava-pertences-no-sul-do-libano","status":"publish","type":"post","link":"https:\/\/minutoextra.com.br\/?p=27317","title":{"rendered":"Fam\u00edlia brasileira morta por Israel buscava pertences no Sul do L\u00edbano"},"content":{"rendered":"<\/p>\n<p><a class=\"\" href=\"https:\/\/agenciabrasil.ebc.com.br\/internacional\/noticia\/2026-04\/familia-brasileira-morta-por-israel-buscava-pertences-no-sul-do-libano\"><br \/>\n                    <img decoding=\"async\" src=\"https:\/\/cdn.jsdelivr.net\/gh\/sergiosdlima\/assets-ebc@1.0.0\/abr\/assets\/images\/logo-agenciabrasil.svg\" alt=\"Logo Ag\u00eancia Brasil\"><br \/>\n\t\t\t\t<\/a><\/p>\n<p><strong>A fam\u00edlia brasileira-libanesa assassinada por Israel no Sul do L\u00edbano buscava roupas e pertences na casa onde vivia,\u00a0em Burj Qalowayh, no distrito de Bint Jbeil,\u00a0quando a resid\u00eancia foi <a href=\"https:\/\/agenciabrasil.ebc.com.br\/internacional\/noticia\/2026-04\/mae-e-crianca-brasileiras-morrem-no-libano-apos-ataques-de-israel\" target=\"_blank\">bombardeada<\/a>.<\/strong> At\u00e9 o momento, os corpos n\u00e3o foram encontrados nos escombros da casa, que ficou totalmente destru\u00edda.<img decoding=\"async\" src=\"https:\/\/agenciabrasil.ebc.com.br\/ebc.png?id=1687534&#038;o=rss\"><img decoding=\"async\" src=\"https:\/\/agenciabrasil.ebc.com.br\/ebc.gif?id=1687534&#038;o=rss\"><\/p>\n<p><strong>Morreram no ataque a brasileira Manal Jaafar, de 47 anos;\u00a0o filho Ali Ghassan Nader, de 11 anos;\u00a0e o pai do garoto, o liban\u00eas Ghassan Nader, de 57 anos.<\/strong> Eles haviam deixado a resid\u00eancia, \u00e0s pressas, no in\u00edcio da atual fase do conflito, em 2 de mar\u00e7o, e se refugiado em Beirute, a capital do pa\u00eds.<\/p>\n<\/p>\n<h3>Not\u00edcias relacionadas:<\/h3>\n<ul>\n<li><a href=\"https:\/\/agenciabrasil.ebc.com.br\/internacional\/noticia\/2026-04\/mae-e-crianca-brasileiras-morrem-no-libano-apos-ataques-de-israel\">M\u00e3e e crian\u00e7a brasileiras morrem no L\u00edbano ap\u00f3s ataques de Israel.<\/a><\/li>\n<li><a href=\"https:\/\/agenciabrasil.ebc.com.br\/internacional\/noticia\/2026-04\/morte-de-brasileiros-expoe-rotina-de-ataques-no-libano-diz-jornalista\">Morte de brasileiros exp\u00f5e rotina de ataques no L\u00edbano, diz jornalista.<\/a><\/li>\n<li><a href=\"https:\/\/agenciabrasil.ebc.com.br\/internacional\/noticia\/2026-04\/cessar-fogo-entre-libano-e-israel-e-estendido-por-tres-semanas\">Cessar-fogo entre L\u00edbano e Israel \u00e9 estendido por tr\u00eas semanas.<\/a><\/li>\n<\/ul>\n<p>Com o cessar-fogo anunciado em 16 de abril, a fam\u00edlia decidiu voltar para Bint Jbel a fim de pegar mais roupas e juntar outros pertences, antes de voltar novamente a\u00a0Beirute. Eles haviam chegado ao Sul do L\u00edbano no \u00faltimo s\u00e1bado (25).<\/p>\n<p><strong>Irm\u00e3o mais novo de Ghassan, o liban\u00eas-brasileiro Bilal Nader, de 43 anos, que vive em Foz do Igua\u00e7u (PR), contou que ele planejava voltar no mesmo dia, mas acabou dormindo na casa para voltar no domingo (26), quando ocorreu o bombardeio.<\/strong><\/p>\n<div class=\"dnd-widget-wrapper context-medio_4colunas type-image atom-align-left\">\n<div class=\"dnd-atom-rendered\"><!-- scald=460878:medio_4colunas {\"additionalClasses\":\"\"} --><br \/>\n            <img decoding=\"async\" src=\"https:\/\/agenciabrasil.ebc.com.br\/sites\/default\/files\/thumbnails\/image\/loading_v2.gif\" data-echo=\"https:\/\/imagens.ebc.com.br\/mzYPiF9zyR8k0t3gd-dg2G2EiWg=\/365x0\/smart\/https:\/\/agenciabrasil.ebc.com.br\/sites\/default\/files\/thumbnails\/image\/2026\/04\/28\/whatsapp_image_2026-04-28_at_14.46.431.jpeg?itok=Xj1LEGsf\" alt=\"28\/04\/2026 - FAM\u00cdLIA BRASILEIRA MORTA NO L\u00cdBANO - Menino Ali Ghassan Nader, de 11 anos.. Foto: Manal Jaafar\/Arquivo Pessoal\" title=\"Manal Jaafar\/Arquivo Pessoal\"><br \/>\n        <noscript><img decoding=\"async\" src=\"https:\/\/imagens.ebc.com.br\/mzYPiF9zyR8k0t3gd-dg2G2EiWg=\/365x0\/smart\/https:\/\/agenciabrasil.ebc.com.br\/sites\/default\/files\/thumbnails\/image\/2026\/04\/28\/whatsapp_image_2026-04-28_at_14.46.431.jpeg?itok=Xj1LEGsf\" alt=\"28\/04\/2026 - FAM\u00cdLIA BRASILEIRA MORTA NO L\u00cdBANO - Menino Ali Ghassan Nader, de 11 anos.. Foto: Manal Jaafar\/Arquivo Pessoal\" title=\"Manal Jaafar\/Arquivo Pessoal\"><\/noscript><br \/>\n    <!-- END scald=460878 --><\/div>\n<div class=\"dnd-caption-wrapper\">\n<div class=\"meta\">Menino Ali Ghassan Nader, de 11 anos, vivia com os pais em Bint Jbel, no Sul do\u00a0L\u00edbano\u00a0&#8211; <strong>Foto:\u00a0Manal Jaafar\/Arquivo Pessoal<\/strong><!--END copyright=460878--><\/div>\n<\/div>\n<\/div>\n<p>\u201cQuando teve o cessar-fogo, muita gente voltou para casa no amanhecer. Ele ainda esperou sete ou oito dias. Ele falou que ia s\u00f3 juntar as coisas e voltar, s\u00f3 para pegar mais roupa. Ele at\u00e9 estava com o carro ligado, sabe, com o porta-malas j\u00e1 carregado\u201d, contou Bilal Nader.<\/p>\n<p><strong>O impacto da bomba ainda feriu outro filho do casal, o estudante Kassam Nader, de 21 anos, que estuda computa\u00e7\u00e3o no L\u00edbano. Ele recebeu alta hospitalar nesta ter\u00e7a-feira (28)<\/strong>. O casal ainda tinha outros dois filhos mais velhos, de 28 e 26 anos, que vivem e trabalham no exterior.<\/p>\n<p>Bilal Nader enfatizou que o irm\u00e3o n\u00e3o tinha qualquer liga\u00e7\u00e3o com partido pol\u00edtico, levando uma vida de agricultor de oliveiras no Sul do L\u00edbano, e que tinha esperan\u00e7a de que a guerra fosse acabar.<\/p>\n<p>\u201cMeu irm\u00e3o \u00e9 uma pessoa de bem, n\u00e3o tem liga\u00e7\u00e3o com nada, n\u00e3o apoia nenhum partido, \u00e9 uma pessoa bem reservada, bem sossegada. Inclusive, ele tem muitos amigos aqui, em Foz [do Igua\u00e7u], no Brasil inteiro. Tem amigos no Rio de Janeiro, em Minas Gerais, S\u00e3o Paulo. Ele era bem conhecido aqui\u201d, contou.<\/p>\n<p>Bilal Nader acrescentou que a regi\u00e3o onde o irm\u00e3o vivia n\u00e3o costumava ser palco dos combates recentes.<\/p>\n<blockquote>\n<p>\u201cAs cidades mais para frente \u00e9 onde estavam acontecendo os bombardeios, onde est\u00e3o roubando as casas. Ao redor da casa dele n\u00e3o tinha nada, s\u00f3 constru\u00e7\u00f5es civis, com popula\u00e7\u00e3o civil normal\u201d, explicou.<\/p>\n<\/blockquote>\n<p>A <strong>Ag\u00eancia Brasil <\/strong>procurou a Embaixada de Israel no Brasil para saber qual a posi\u00e7\u00e3o do governo de Tel Aviv sobre o bombardeio \u00e0\u00a0resid\u00eancia da fam\u00edlia brasileira no L\u00edbano, mas n\u00e3o obteve retorno at\u00e9 o fechamento desta reportagem.<\/p>\n<p><strong>O L\u00edbano abriga a maior comunidade de brasileiros no Oriente M\u00e9dio. Ao todo, 22 mil brasileiros viviam no pa\u00eds em 2023, segundo dados do Minist\u00e9rio das Rela\u00e7\u00f5es Exteriores (MRE).<\/strong> O Brasil <a href=\"https:\/\/www.gov.br\/mre\/pt-br\/canais_atendimento\/imprensa\/notas-a-imprensa\/mortes-de-brasileiros-no-libano-em-decorrencia-de-ataques-israelenses\" target=\"_blank\">condenou os ataques<\/a> ocorridos durante a vig\u00eancia do cessar-fogo.<\/p>\n<h2>Fam\u00edlia viveu no Paran\u00e1<\/h2>\n<p><strong>A fam\u00edlia brasileira-libanesa viveu por mais de 15 anos no Brasil, entre 1995 e 2008, onde a esposa Manal Jaafar teve filhos e adquiriu a nacionalidade brasileira. <\/strong>O marido Ghassan s\u00f3 n\u00e3o tirou a nacionalidade \u201cpor falta de tempo\u201d, pois vivia ocupado no trabalho. Ele era um comerciante do ramo dos eletroeletr\u00f4nicos.<\/p>\n<p>O jornalista liban\u00eas naturalizado brasileiro Ali Farhat era amigo de Ghassan e <a href=\"https:\/\/agenciabrasil.ebc.com.br\/internacional\/noticia\/2026-04\/morte-de-brasileiros-expoe-rotina-de-ataques-no-libano-diz-jornalista\">conta que ele era uma pessoa muito culta<\/a>. Formado em economia, escreveu um libro, em \u00e1rabe, sobre a economia mundial.<\/p>\n<blockquote>\n<p>\u201cEle era muito ativo na comunidade libanesa aqui no Brasil. Ele trabalhava como empres\u00e1rio aqui e tamb\u00e9m como intelectual. Ele estava tentando fazer alguns estudos, algumas pesquisas e depois ele decidiu viajar para o L\u00edbano para viver com a fam\u00edlia dele l\u00e1\u201d, contou Farhat \u00e0 <strong>Ag\u00eancia Brasil<\/strong>.<\/p>\n<\/blockquote>\n<div class=\"dnd-widget-wrapper context-medio_4colunas type-image atom-align-right\">\n<div class=\"dnd-atom-rendered\"><!-- scald=460876:medio_4colunas {\"additionalClasses\":\"\"} --><br \/>\n            <img decoding=\"async\" src=\"https:\/\/agenciabrasil.ebc.com.br\/sites\/default\/files\/thumbnails\/image\/loading_v2.gif\" data-echo=\"https:\/\/imagens.ebc.com.br\/0PyRWyH0ZMtp5SNBZAxKTkPLg8Y=\/365x0\/smart\/https:\/\/agenciabrasil.ebc.com.br\/sites\/default\/files\/thumbnails\/image\/2026\/04\/28\/casa_destruida_no_libano.jpg?itok=USoJCA7n\" alt=\"28\/04\/2026 - FAM\u00cdLIA BRASILEIRA MORTA NO L\u00cdBANO - Casa destru\u00edda da brasileira Manal Jaafar, de 47 anos, m\u00e3e do menino Ali Ghassan Nader, de 11 anos, e o pai da fam\u00edlia, o liban\u00eas Ghassan Nader, de 57 anos. Foto: Manal Jaafar\/Arquivo Pessoal\" title=\"Manal Jaafar\/Arquivo Pessoal\"><br \/>\n        <noscript><img decoding=\"async\" src=\"https:\/\/imagens.ebc.com.br\/0PyRWyH0ZMtp5SNBZAxKTkPLg8Y=\/365x0\/smart\/https:\/\/agenciabrasil.ebc.com.br\/sites\/default\/files\/thumbnails\/image\/2026\/04\/28\/casa_destruida_no_libano.jpg?itok=USoJCA7n\" alt=\"28\/04\/2026 - FAM\u00cdLIA BRASILEIRA MORTA NO L\u00cdBANO - Casa destru\u00edda da brasileira Manal Jaafar, de 47 anos, m\u00e3e do menino Ali Ghassan Nader, de 11 anos, e o pai da fam\u00edlia, o liban\u00eas Ghassan Nader, de 57 anos. Foto: Manal Jaafar\/Arquivo Pessoal\" title=\"Manal Jaafar\/Arquivo Pessoal\"><\/noscript><br \/>\n    <!-- END scald=460876 --><\/div>\n<div class=\"dnd-caption-wrapper\">\n<div class=\"meta\">Fam\u00edlia brasileira teve a casa no L\u00edbano destru\u00edda por bombardeio de Israel &#8211; <strong>Foto:\u00a0Manal Jaafar\/Arquivo pessoal<\/strong><!--END copyright=460876--><\/div>\n<\/div>\n<\/div>\n<h2>Viola\u00e7\u00f5es do cessar-fogo<\/h2>\n<p>O suposto cessar-fogo costurado no L\u00edbano vem sendo violado por Israel. O Hezbollah, grupo pol\u00edtico-militar xiita, tem informado que vai reagir \u00e0s viola\u00e7\u00f5es da fr\u00e1gil tr\u00e9gua. Por outro lado, o Ir\u00e3 vem pressionando que o cessar-fogo no Oriente M\u00e9dio tem que incluir o L\u00edbano.<\/p>\n<p>De acordo com a <a href=\"https:\/\/www.state.gov\/releases\/office-of-the-spokesperson\/2026\/04\/ten-day-cessation-of-hostilities-to-enable-peace-negotiations-between-israel-and-lebanon\/\" target=\"_blank\">Casa Branca<\/a>, Israel poderia realizar ataques contra o Hezbollah apenas \u201cem leg\u00edtima defesa, a qualquer momento, contra ataques planejados, iminentes ou em curso\u201d.<\/p>\n<h2>Sul do L\u00edbano<\/h2>\n<p>O governo israelense vinha defendendo ocupar todo o Sul do L\u00edbano at\u00e9 o Rio Litani, a cerca de 30 quil\u00f4metros da atual fronteira entre os pa\u00edses, dizendo que n\u00e3o permitiria que a popula\u00e7\u00e3o civil voltasse para regi\u00e3o.<\/p>\n<p>O deslocamento for\u00e7ado de popula\u00e7\u00e3o civil \u00e9 considerado outro crime de guerra. No \u00faltimo dia antes do cessar-fogo, Israel bombardeou a \u00faltima ponte que restava sobre o Rio Litani, a Ponte de Qasmiyeh, isolando a regi\u00e3o ao Sul do resto do pa\u00eds e impedindo a conex\u00e3o entre as cidades de Tiro e Sidon.<\/p>\n<p>O especialista em geopol\u00edtica Anwar Assi afirmou \u00e0 <strong>Ag\u00eancia Brasil <\/strong>que as a\u00e7\u00f5es de Israel no Sul do L\u00edbano <strong>configuram uma limpeza \u00e9tnica para expulsar os moradores da regi\u00e3o e tomar esses territ\u00f3rios.<\/strong><\/p>\n<p>\u201cO objetivo principal da guerra \u00e9 a expuls\u00e3o das pessoas do Sul do L\u00edbano. Por isso que eles destru\u00edram escolas, hospitais, pr\u00e9dios do governo e todas as unidades que poderiam dar suporte ao retorno dos civis. Eles destru\u00edram justamente para que essas pessoas que retornassem \u00e0s suas cidades n\u00e3o encontrassem nenhum tipo de apoio\u201d, destacou Assi.<\/p>\n<p>Por outro lado, Israel alega que busca criar uma zona de seguran\u00e7a contra ataques do Hezbollah.<\/p>\n<h2>Entenda<\/h2>\n<p>A <a href=\"https:\/\/agenciabrasil.ebc.com.br\/geral\/noticia\/2024-09\/entenda-por-que-gaza-motivou-os-bombardeios-de-israel-contra-o-libano\" target=\"_blank\">atual fase da guerra que envolve Israel e L\u00edbano<\/a> teve in\u00edcio em outubro de 2023, quando o Hezbollah iniciou\u00a0ataques contra o Norte de Israel em solidariedade ao povo palestino, diante dos massacres na Faixa de Gaza.<\/p>\n<p>Em novembro de 2024, foi costurado um acordo de cessar-fogo entre o grupo pol\u00edtico militar xiita e Tel Aviv. Por\u00e9m, o\u00a0acordo nunca foi respeitado por Israel, que continuava realizando ataques no L\u00edbano.<\/p>\n<p>Com o in\u00edcio da agress\u00e3o contra o Ir\u00e3, o <a href=\"https:\/\/agenciabrasil.ebc.com.br\/internacional\/noticia\/2026-03\/hezbollah-no-libano-volta-guerra-e-conflito-escala-no-oriente-medio\" target=\"_blank\">Hezbollah voltou a atacar Israel<\/a>, em 2 de mar\u00e7o, em resposta \u00e0s viola\u00e7\u00f5es sistem\u00e1ticas do cessar-fogo nos \u00faltimos meses e tamb\u00e9m em retalia\u00e7\u00e3o ao assassinado do l\u00edder Supremo do Ir\u00e3, Ali Khamenei.<\/p>\n<p>No dia 8 de abril, foi\u00a0anunciado o cessar-fogo da guerra no Ir\u00e3, mas <a href=\"https:\/\/agenciabrasil.ebc.com.br\/internacional\/noticia\/2026-04\/israel-mata-250-pessoas-no-libano-no-dia-mais-mortal-da-guerra\" target=\"_blank\">Israel continuou com ataques no L\u00edbano<\/a>, desrespeitando novamente o acordo, dessa vez, costurado pelo Paquist\u00e3o.<\/p>\n<h2>Hist\u00f3ria<\/h2>\n<p>O conflito entre Israel e o Hezbollah remonta \u00e0 d\u00e9cada de 1980, quando a mil\u00edcia xiita foi criada em rea\u00e7\u00e3o \u00e0 invas\u00e3o e ocupa\u00e7\u00e3o de Israel no L\u00edbano para persegui\u00e7\u00e3o dos grupos palestinos que buscavam ref\u00fagio no pa\u00eds vizinho.<\/p>\n<p>Em 2000, o Hezbollah conseguiu expulsar os israelenses do pa\u00eds. Ao longo dos anos, o grupo se tornou um partido pol\u00edtico com assentos no Parlamento e participa\u00e7\u00e3o nos governos.<\/p>\n<p>O L\u00edbano ainda foi atacado pelo governo de Israel em 2006, 2009 e 2011.<\/p>\n","protected":false},"excerpt":{"rendered":"<p>A fam\u00edlia brasileira-libanesa assassinada por Israel no Sul do L\u00edbano buscava roupas e pertences na casa onde vivia,\u00a0em Burj Qalowayh, no distrito de Bint Jbeil,\u00a0quando a resid\u00eancia foi bombardeada. At\u00e9 o momento, os corpos n\u00e3o foram encontrados nos escombros da casa, que ficou totalmente destru\u00edda. Morreram no ataque a brasileira Manal Jaafar, de 47 anos;\u00a0o [&hellip;]<\/p>\n","protected":false},"author":77,"featured_media":27318,"comment_status":"open","ping_status":"open","sticky":false,"template":"","format":"standard","meta":{"site-sidebar-layout":"default","site-content-layout":"","ast-site-content-layout":"","site-content-style":"default","site-sidebar-style":"default","ast-global-header-display":"","ast-banner-title-visibility":"","ast-main-header-display":"","ast-hfb-above-header-display":"","ast-hfb-below-header-display":"","ast-hfb-mobile-header-display":"","site-post-title":"","ast-breadcrumbs-content":"","ast-featured-img":"","footer-sml-layout":"","theme-transparent-header-meta":"","adv-header-id-meta":"","stick-header-meta":"","header-above-stick-meta":"","header-main-stick-meta":"","header-below-stick-meta":"","astra-migrate-meta-layouts":"default","ast-page-background-enabled":"default","ast-page-background-meta":{"desktop":{"background-color":"var(--ast-global-color-4)","background-image":"","background-repeat":"repeat","background-position":"center center","background-size":"auto","background-attachment":"scroll","background-type":"","background-media":"","overlay-type":"","overlay-color":"","overlay-opacity":"","overlay-gradient":""},"tablet":{"background-color":"","background-image":"","background-repeat":"repeat","background-position":"center center","background-size":"auto","background-attachment":"scroll","background-type":"","background-media":"","overlay-type":"","overlay-color":"","overlay-opacity":"","overlay-gradient":""},"mobile":{"background-color":"","background-image":"","background-repeat":"repeat","background-position":"center center","background-size":"auto","background-attachment":"scroll","background-type":"","background-media":"","overlay-type":"","overlay-color":"","overlay-opacity":"","overlay-gradient":""}},"ast-content-background-meta":{"desktop":{"background-color":"var(--ast-global-color-5)","background-image":"","background-repeat":"repeat","background-position":"center center","background-size":"auto","background-attachment":"scroll","background-type":"","background-media":"","overlay-type":"","overlay-color":"","overlay-opacity":"","overlay-gradient":""},"tablet":{"background-color":"var(--ast-global-color-5)","background-image":"","background-repeat":"repeat","background-position":"center center","background-size":"auto","background-attachment":"scroll","background-type":"","background-media":"","overlay-type":"","overlay-color":"","overlay-opacity":"","overlay-gradient":""},"mobile":{"background-color":"var(--ast-global-color-5)","background-image":"","background-repeat":"repeat","background-position":"center center","background-size":"auto","background-attachment":"scroll","background-type":"","background-media":"","overlay-type":"","overlay-color":"","overlay-opacity":"","overlay-gradient":""}},"footnotes":""},"categories":[17],"tags":[],"class_list":["post-27317","post","type-post","status-publish","format-standard","has-post-thumbnail","hentry","category-mundo"],"_links":{"self":[{"href":"https:\/\/minutoextra.com.br\/index.php?rest_route=\/wp\/v2\/posts\/27317","targetHints":{"allow":["GET"]}}],"collection":[{"href":"https:\/\/minutoextra.com.br\/index.php?rest_route=\/wp\/v2\/posts"}],"about":[{"href":"https:\/\/minutoextra.com.br\/index.php?rest_route=\/wp\/v2\/types\/post"}],"author":[{"embeddable":true,"href":"https:\/\/minutoextra.com.br\/index.php?rest_route=\/wp\/v2\/users\/77"}],"replies":[{"embeddable":true,"href":"https:\/\/minutoextra.com.br\/index.php?rest_route=%2Fwp%2Fv2%2Fcomments&post=27317"}],"version-history":[{"count":0,"href":"https:\/\/minutoextra.com.br\/index.php?rest_route=\/wp\/v2\/posts\/27317\/revisions"}],"wp:featuredmedia":[{"embeddable":true,"href":"https:\/\/minutoextra.com.br\/index.php?rest_route=\/wp\/v2\/media\/27318"}],"wp:attachment":[{"href":"https:\/\/minutoextra.com.br\/index.php?rest_route=%2Fwp%2Fv2%2Fmedia&parent=27317"}],"wp:term":[{"taxonomy":"category","embeddable":true,"href":"https:\/\/minutoextra.com.br\/index.php?rest_route=%2Fwp%2Fv2%2Fcategories&post=27317"},{"taxonomy":"post_tag","embeddable":true,"href":"https:\/\/minutoextra.com.br\/index.php?rest_route=%2Fwp%2Fv2%2Ftags&post=27317"}],"curies":[{"name":"wp","href":"https:\/\/api.w.org\/{rel}","templated":true}]}}