{"id":27321,"date":"2026-04-28T20:38:19","date_gmt":"2026-04-28T23:38:19","guid":{"rendered":"https:\/\/minutoextra.com.br\/?p=27321"},"modified":"2026-04-28T20:38:19","modified_gmt":"2026-04-28T23:38:19","slug":"fercomercio-rj-redistribuicao-de-royalties-seria-uma-ameaca-ao-estado","status":"publish","type":"post","link":"https:\/\/minutoextra.com.br\/?p=27321","title":{"rendered":"Fercom\u00e9rcio-RJ: redistribui\u00e7\u00e3o de royalties seria uma amea\u00e7a ao estado"},"content":{"rendered":"<\/p>\n<p><a class=\"\" href=\"https:\/\/agenciabrasil.ebc.com.br\/politica\/noticia\/2026-04\/fercomercio-rj-redistribuicao-de-royalties-seria-uma-ameaca-ao-estado\"><br \/>\n                    <img decoding=\"async\" src=\"https:\/\/cdn.jsdelivr.net\/gh\/sergiosdlima\/assets-ebc@1.0.0\/abr\/assets\/images\/logo-agenciabrasil.svg\" alt=\"Logo Ag\u00eancia Brasil\"><br \/>\n\t\t\t\t<\/a><\/p>\n<p><strong>O presidente da Federa\u00e7\u00e3o do Com\u00e9rcio do Rio de Janeiro (Fecom\u00e9rcio RJ), Antonio Florencio de Queiroz Junior, afirmou nesta ter\u00e7a-feira (28) que a poss\u00edvel redistribui\u00e7\u00e3o dos royalties do petr\u00f3leo representa uma grave amea\u00e7a \u00e0 economia fluminense e pode gerar consequ\u00eancias irrevers\u00edveis para o estado.<\/strong><img decoding=\"async\" src=\"https:\/\/agenciabrasil.ebc.com.br\/ebc.png?id=1687580&#038;o=rss\"><img decoding=\"async\" src=\"https:\/\/agenciabrasil.ebc.com.br\/ebc.gif?id=1687580&#038;o=rss\"><\/p>\n<p>Em\u00a0audi\u00eancia p\u00fablica na Assembleia Legislativa do Rio de Janeiro (Alerj), Antonio<strong>\u00a0<\/strong>Queiroz disse que\u00a0a mudan\u00e7a nas regras pode provocar uma retra\u00e7\u00e3o de quase R$ 20 bilh\u00f5es no PIB do Rio e eliminar at\u00e9 311 mil postos de trabalho no com\u00e9rcio.<\/p>\n<blockquote>\n<h3>Not\u00edcias relacionadas:<\/h3>\n<ul>\n<li><a href=\"https:\/\/agenciabrasil.ebc.com.br\/politica\/noticia\/2026-04\/senado-aprova-cadastro-de-condenados-por-violencia-contra-mulher\">Senado aprova cadastro de condenados por viol\u00eancia contra mulher.<\/a><\/li>\n<li><a href=\"https:\/\/agenciabrasil.ebc.com.br\/politica\/noticia\/2026-04\/comissao-especial-da-pec-da-reducao-da-jornada-sera-instalada-amanha\">Comiss\u00e3o Especial da PEC da redu\u00e7\u00e3o da jornada ser\u00e1 instalada amanh\u00e3.<\/a><\/li>\n<li><a href=\"https:\/\/agenciabrasil.ebc.com.br\/politica\/noticia\/2026-04\/governo-suspende-34-milhoes-de-multas-por-nao-pagar-pedagio\">Governo suspende 3,4 milh\u00f5es de multas por n\u00e3o pagar ped\u00e1gio.<\/a><\/li>\n<\/ul>\n<p>\u201cEsta lei, al\u00e9m de ser inconstitucional, tamb\u00e9m n\u00e3o resolver\u00e1 a crise estrutural das finan\u00e7as municipais e estaduais pelo pa\u00eds afora, mas certamente, vai provocar uma trag\u00e9dia econ\u00f4mica para o Rio de Janeiro\u201d.\n<\/p><\/blockquote>\n<p>Antonio Queiroz refor\u00e7ou que a perda de arrecada\u00e7\u00e3o teria efeito imediato sobre o consumo, com reflexos diretos no com\u00e9rcio, nos servi\u00e7os e na gera\u00e7\u00e3o de empregos.\u00a0\u201cN\u00e3o h\u00e1 estado que resista a uma perda dessa magnitude\u201d, afirmou.<\/p>\n<p>O presidente da Fecom\u00e9rcio RJ avaliou que o aumento do desemprego tende a ampliar a press\u00e3o sobre os servi\u00e7os p\u00fablicos, ao mesmo tempo em que reduz a arrecada\u00e7\u00e3o das prefeituras, agravando ainda mais o cen\u00e1rio fiscal em todo o estado.<\/p>\n<p>De acordo com Antonio<strong>\u00a0<\/strong>Queiroz, o Rio de Janeiro sempre respeitou o pacto federativo, inclusive em momentos em que foi prejudicado por decis\u00f5es semelhantes. <strong>Para ele, a atual proposta compromete n\u00e3o apenas as contas p\u00fablicas, mas toda a din\u00e2mica econ\u00f4mica do estado.<\/strong><\/p>\n<p>Outro ponto destacado pelo presidente da Fecom\u00e9rcio RJ \u00e9\u00a0a natureza dos <em>royalties<\/em>, que, segundo ele,\u00a0n\u00e3o podem ser tratados como receita comum de arrecada\u00e7\u00e3o, mas como repara\u00e7\u00e3o pelos impactos da explora\u00e7\u00e3o petrol\u00edfera.<\/p>\n<p>\u201c<em>Royalties<\/em> n\u00e3o s\u00e3o receita, s\u00e3o compensa\u00e7\u00e3o. Dizer o contr\u00e1rio \u00e9 uma desonestidade intelectual\u201d.<\/p>\n<h2>Debate<\/h2>\n<p>A audi\u00eancia na Alerj discutiu o direito do estado de continuar recebendo os <em>royalties<\/em> do petr\u00f3leo diante do julgamento, marcado para o pr\u00f3ximo dia 6 de maio, no Supremo Tribunal Federal (STF), da <a href=\"https:\/\/www.planalto.gov.br\/ccivil_03\/_ato2011-2014\/2012\/lei\/l12734.htm\" target=\"_blank\">Lei 12.734\/12<\/a>. A norma altera as regras de redistribui\u00e7\u00e3o desses recursos entre os estados.<\/p>\n<p>Convocada pela Comiss\u00e3o de Or\u00e7amento da Alerj, o encontro reuniu representantes do governo estadual, parlamentares e prefeitos de munic\u00edpios afetados pela poss\u00edvel mudan\u00e7a.<\/p>\n<p>Segundo o procurador-geral do estado, Renan Miguel Saad, caso a nova regra seja confirmada, o estado poder\u00e1 perder cerca de R$ 8 bilh\u00f5es, enquanto os munic\u00edpios fluminenses ter\u00e3o impacto estimado em R$ 13 bilh\u00f5es. O procurador\u00a0classificou a legisla\u00e7\u00e3o como inconstitucional e afirmou que a aplica\u00e7\u00e3o traria desequil\u00edbrios severos para a administra\u00e7\u00e3o p\u00fablica estadual e municipal.<\/p>\n<p>Durante a audi\u00eancia p\u00fablica, o presidente da Comiss\u00e3o de Or\u00e7amento da Alerj, deputado Andr\u00e9 Corr\u00eaa (PSD), apresentou um manifesto que ser\u00e1 encaminhado ao STF. O documento, assinado por entidades do setor produtivo, prefeitos e parlamentares, sustenta que a altera\u00e7\u00e3o das regras pode gerar efeitos grav\u00edssimos e irrevers\u00edveis, com amplas repercuss\u00f5es econ\u00f4micas e sociais. O texto refor\u00e7a que o Rio de Janeiro n\u00e3o pleiteia privil\u00e9gios, mas justi\u00e7a federativa.<\/p>\n","protected":false},"excerpt":{"rendered":"<p>O presidente da Federa\u00e7\u00e3o do Com\u00e9rcio do Rio de Janeiro (Fecom\u00e9rcio RJ), Antonio Florencio de Queiroz Junior, afirmou nesta ter\u00e7a-feira (28) que a poss\u00edvel redistribui\u00e7\u00e3o dos royalties do petr\u00f3leo representa uma grave amea\u00e7a \u00e0 economia fluminense e pode gerar consequ\u00eancias irrevers\u00edveis para o estado. Em\u00a0audi\u00eancia p\u00fablica na Assembleia Legislativa do Rio de Janeiro (Alerj), Antonio\u00a0Queiroz [&hellip;]<\/p>\n","protected":false},"author":58,"featured_media":27322,"comment_status":"open","ping_status":"open","sticky":false,"template":"","format":"standard","meta":{"site-sidebar-layout":"default","site-content-layout":"","ast-site-content-layout":"","site-content-style":"default","site-sidebar-style":"default","ast-global-header-display":"","ast-banner-title-visibility":"","ast-main-header-display":"","ast-hfb-above-header-display":"","ast-hfb-below-header-display":"","ast-hfb-mobile-header-display":"","site-post-title":"","ast-breadcrumbs-content":"","ast-featured-img":"","footer-sml-layout":"","theme-transparent-header-meta":"","adv-header-id-meta":"","stick-header-meta":"","header-above-stick-meta":"","header-main-stick-meta":"","header-below-stick-meta":"","astra-migrate-meta-layouts":"default","ast-page-background-enabled":"default","ast-page-background-meta":{"desktop":{"background-color":"var(--ast-global-color-4)","background-image":"","background-repeat":"repeat","background-position":"center center","background-size":"auto","background-attachment":"scroll","background-type":"","background-media":"","overlay-type":"","overlay-color":"","overlay-opacity":"","overlay-gradient":""},"tablet":{"background-color":"","background-image":"","background-repeat":"repeat","background-position":"center center","background-size":"auto","background-attachment":"scroll","background-type":"","background-media":"","overlay-type":"","overlay-color":"","overlay-opacity":"","overlay-gradient":""},"mobile":{"background-color":"","background-image":"","background-repeat":"repeat","background-position":"center center","background-size":"auto","background-attachment":"scroll","background-type":"","background-media":"","overlay-type":"","overlay-color":"","overlay-opacity":"","overlay-gradient":""}},"ast-content-background-meta":{"desktop":{"background-color":"var(--ast-global-color-5)","background-image":"","background-repeat":"repeat","background-position":"center center","background-size":"auto","background-attachment":"scroll","background-type":"","background-media":"","overlay-type":"","overlay-color":"","overlay-opacity":"","overlay-gradient":""},"tablet":{"background-color":"var(--ast-global-color-5)","background-image":"","background-repeat":"repeat","background-position":"center center","background-size":"auto","background-attachment":"scroll","background-type":"","background-media":"","overlay-type":"","overlay-color":"","overlay-opacity":"","overlay-gradient":""},"mobile":{"background-color":"var(--ast-global-color-5)","background-image":"","background-repeat":"repeat","background-position":"center center","background-size":"auto","background-attachment":"scroll","background-type":"","background-media":"","overlay-type":"","overlay-color":"","overlay-opacity":"","overlay-gradient":""}},"footnotes":""},"categories":[17],"tags":[],"class_list":["post-27321","post","type-post","status-publish","format-standard","has-post-thumbnail","hentry","category-mundo"],"_links":{"self":[{"href":"https:\/\/minutoextra.com.br\/index.php?rest_route=\/wp\/v2\/posts\/27321","targetHints":{"allow":["GET"]}}],"collection":[{"href":"https:\/\/minutoextra.com.br\/index.php?rest_route=\/wp\/v2\/posts"}],"about":[{"href":"https:\/\/minutoextra.com.br\/index.php?rest_route=\/wp\/v2\/types\/post"}],"author":[{"embeddable":true,"href":"https:\/\/minutoextra.com.br\/index.php?rest_route=\/wp\/v2\/users\/58"}],"replies":[{"embeddable":true,"href":"https:\/\/minutoextra.com.br\/index.php?rest_route=%2Fwp%2Fv2%2Fcomments&post=27321"}],"version-history":[{"count":0,"href":"https:\/\/minutoextra.com.br\/index.php?rest_route=\/wp\/v2\/posts\/27321\/revisions"}],"wp:featuredmedia":[{"embeddable":true,"href":"https:\/\/minutoextra.com.br\/index.php?rest_route=\/wp\/v2\/media\/27322"}],"wp:attachment":[{"href":"https:\/\/minutoextra.com.br\/index.php?rest_route=%2Fwp%2Fv2%2Fmedia&parent=27321"}],"wp:term":[{"taxonomy":"category","embeddable":true,"href":"https:\/\/minutoextra.com.br\/index.php?rest_route=%2Fwp%2Fv2%2Fcategories&post=27321"},{"taxonomy":"post_tag","embeddable":true,"href":"https:\/\/minutoextra.com.br\/index.php?rest_route=%2Fwp%2Fv2%2Ftags&post=27321"}],"curies":[{"name":"wp","href":"https:\/\/api.w.org\/{rel}","templated":true}]}}